{"id":684,"date":"2022-02-08T22:05:00","date_gmt":"2022-02-08T22:05:00","guid":{"rendered":"https:\/\/engoo.com.tr\/blog\/?p=684"},"modified":"2022-02-20T22:27:21","modified_gmt":"2022-02-20T22:27:21","slug":"darren-ile-tanisin-engoo-egitmeni-ve-odullu-film-yapimcisi","status":"publish","type":"post","link":"https:\/\/engoo.com.tr\/blog\/engoo\/darren-ile-tanisin-engoo-egitmeni-ve-odullu-film-yapimcisi\/","title":{"rendered":"Darren ile tan\u0131\u015f\u0131n: Engoo E\u011fitmeni ve \u00d6d\u00fcll\u00fc Film Yap\u0131mc\u0131s\u0131"},"content":{"rendered":"\n<p>Darren ile tan\u0131\u015f\u0131n \u2013 ayn\u0131 zamanda \u00f6d\u00fcll\u00fc bir film yap\u0131mc\u0131s\u0131 olan pop\u00fcler bir Engoo e\u011fitmeni! Bug\u00fcn Darren bize hayat\u0131n\u0131 ve \u00f6\u011fretme deneyimlerini anlatacak.<\/p>\n\n\n\n<div class=\"wp-block-columns is-layout-flex wp-container-core-columns-is-layout-9d6595d7 wp-block-columns-is-layout-flex\">\n<div class=\"wp-block-column is-layout-flow wp-block-column-is-layout-flow\" style=\"flex-basis:66.66%\">\n<p><strong>Bize biraz kendinden bahset!<\/strong><\/p>\n\n\n\n<p>\u015eey, 42 ya\u015f\u0131nday\u0131m ve tutkulu, mutlu evli bir adam\u0131m. Aslen \u0130ngiltere'liyim ama yakla\u015f\u0131k 10 y\u0131ld\u0131r Polonya'da ya\u015f\u0131yorum ve g\u00fczel kar\u0131m Iza ile orada tan\u0131\u015ft\u0131m. A\u011f\u0131rl\u0131kl\u0131 olarak \u0130ngilizce \u00f6\u011fretiyorum ve filmler gibi \u00e7e\u015fitli yarat\u0131c\u0131 projeler \u00fczerinde \u00e7al\u0131\u015f\u0131yorum ve yakla\u015f\u0131k iki y\u0131l \u00f6nce Engoo'da ders vermeye ba\u015flad\u0131m.<\/p>\n\n\n\n<p><strong>Bize biraz Birle\u015fik Krall\u0131k'ta nereli oldu\u011funuzdan bahseder misiniz?<\/strong><\/p>\n\n\n\n<p>Yani ben asl\u0131nda Galliyim! Ancak \u0130ngiltere s\u0131n\u0131r\u0131ndaki bir kasabadan oldu\u011fum i\u00e7in \u0130ngilizce konu\u015farak b\u00fcy\u00fcd\u00fcm. Biraz Galce biliyorum. \u00d6rne\u011fin, \"te\u015fekk\u00fcr ederim\", \"<a href=\"https:\/\/forvo.com\/word\/diolch_yn_fawr\/\" data-type=\"URL\" data-id=\"https:\/\/forvo.com\/word\/diolch_yn_fawr\/\" target=\"_blank\" rel=\"noreferrer noopener\">Diolch yn fawr\"d\u0131r<\/a>. Ancak Galce konu\u015fanlar\u0131n \u00e7o\u011fu \u00fclkenin kalbinde yer al\u0131r.<\/p>\n<\/div>\n\n\n\n<div class=\"wp-block-column is-layout-flow wp-block-column-is-layout-flow\" style=\"flex-basis:33.33%\">\n<figure class=\"wp-block-image size-large\" datatext=\"\"><img loading=\"lazy\" decoding=\"async\" width=\"768\" height=\"1024\" src=\"https:\/\/assets.blog.engoo.com\/wp-content\/uploads\/sites\/13\/2022\/02\/20221258\/image-5.jpeg\" alt=\"\" class=\"wp-image-688\" srcset=\"https:\/\/assets.blog.engoo.com\/wp-content\/uploads\/sites\/13\/2022\/02\/20221258\/image-5.jpeg 768w, https:\/\/assets.blog.engoo.com\/wp-content\/uploads\/sites\/13\/2022\/02\/20221258\/image-5-225x300.jpeg 225w\" sizes=\"auto, (max-width: 768px) 100vw, 768px\" \/><\/figure>\n<\/div>\n<\/div>\n\n\n\n<p>Ve \u00f6\u011frencilerime her zaman s\u00f6yledi\u011fim gibi, Galler \u00e7ok k\u00fclt\u00fcrl\u00fc bir \u00fclkedir. \u00d6rne\u011fin, b\u00fcy\u00fcrken en iyi arkada\u015f\u0131m Afganistanl\u0131yd\u0131 ve ilk k\u0131z arkada\u015f\u0131m Japon'du!<\/p>\n\n\n\n<p><strong>B\u00fcy\u00fcleyici! \u0130ngilizce \u00f6\u011fretmenlerimiz 100'den fazla \u00fclkeden geliyor, bu y\u00fczden bu r\u00f6portajlar\u0131 yaparken d\u00fcnyan\u0131n farkl\u0131 yerlerini \u00f6\u011frenmek her zaman bir zevktir. Bu arada, Polonya'ya ta\u015f\u0131nman\u0131z i\u00e7in size neyin ilham verdi\u011fini sorabilir miyiz?<\/strong><\/p>\n\n\n\n<p>2000'lerde Polonya'dan bir\u00e7ok insan \u0130ngiltere'ye g\u00f6\u00e7 ediyordu. Ak\u0131n\u0131 g\u00f6r\u00fcnce ve seyahatlerimde pek \u00e7ok harika Polonyal\u0131yla tan\u0131\u015ft\u0131ktan sonra, \u00fclkelerinde ya\u015faman\u0131n nas\u0131l bir \u015fey oldu\u011funu merak etmeye ba\u015flad\u0131m ve orada \u0130ngilizce \u00f6\u011fretmeni olarak i\u015f buldum.<\/p>\n\n\n\n<p><strong>Oraya ilk ta\u015f\u0131nd\u0131\u011f\u0131n\u0131zda herhangi bir k\u00fclt\u00fcr \u015foku ya\u015fad\u0131n\u0131z m\u0131?<\/strong><\/p>\n\n\n\n<p>Kesinlikle! Asl\u0131nda bu k\u00fclt\u00fcre uyum sa\u011flamak i\u00e7in ki\u015fili\u011fimi de\u011fi\u015ftirmek zorunda kald\u0131m. \u0130ngilizlerin her zaman \u201cOh hay\u0131r, te\u015fekk\u00fcr ederim\u201d, \u201cHay\u0131r senden sonra\u201d veya \u201cE\u011fer sak\u0131ncas\u0131 yoksa\u201d gibi \u015feyler s\u00f6yledi\u011fini biliyor musun? \u015eey, buraya ilk geldi\u011fimde ve insanlara kap\u0131lar\u0131 a\u00e7arken kimse \u201cte\u015fekk\u00fcr ederim\u201d demiyorken \u201c\u0130nsanlar nas\u0131l bu kadar kaba?\u201d diyordum.<\/p>\n\n\n\n<p>Bir noktada, bunun sadece k\u00fclt\u00fcrel bir fark oldu\u011funu anlad\u0131m! Polonyal\u0131lar kaba de\u011fildir - sadece farkl\u0131 bir \u015fekilde ileti\u015fim kurarlar!<\/p>\n\n\n\n<p><strong>O halde bize film yapma \u00e7al\u0131\u015fmalar\u0131n\u0131zdan bahsedin! S\u00fcrecin en sevdi\u011finiz k\u0131sm\u0131 nedir?<\/strong><\/p>\n\n\n\n<p>Sinema alan\u0131nda uzmanla\u015ft\u0131\u011f\u0131m \u00fcniversiteden beri film \u00e7ekiyorum. Belgeseller, kurgu filmler, her t\u00fcrl\u00fc \u015fey yapt\u0131m.<\/p>\n\n\n\n<p>En sevdi\u011fim k\u0131s\u0131m edit k\u0131sm\u0131. Dijital efektlerdeki t\u00fcm geli\u015fmelerle, \u00fcniversitedeyken duyulmam\u0131\u015f d\u00fcnyalar yaratabiliyorum. Bir sihirbaz gibi resim yap\u0131yormu\u015fum gibi hissediyorum - \u00f6zellikle son zamanlarda \u00e7ok\u00e7a yapt\u0131\u011f\u0131m \u015feyleri canland\u0131r\u0131rken.<\/p>\n\n\n\n<p>Pandemi ba\u015flad\u0131\u011f\u0131ndan beri insanlar\u0131 ger\u00e7ek hayatta filme \u00e7ekemedim, bu y\u00fczden animasyon \u00f6\u011frenmeye ba\u015flad\u0131m. Pandemi \u00fczerine ilk animasyon filmimi yapt\u0131m ve bu ger\u00e7ekten iyi oldu. Festivallerde bir s\u00fcr\u00fc \u00f6d\u00fcl ald\u0131 ve t\u00fcm d\u00fcnyada g\u00f6sterildi!<\/p>\n\n\n\n<figure class=\"wp-block-embed\"><div class=\"wp-block-embed__wrapper\">\n<div class=\"video-responsive\"><iframe loading=\"lazy\" title=\"The CoRaven (with apologies to Edgar Allan Poe):  A  micro-short animation made for #QuarantineFC\" width=\"640\" height=\"360\" src=\"https:\/\/www.youtube.com\/embed\/xCtcwD1QP_E?feature=oembed\" frameborder=\"0\" allow=\"accelerometer; autoplay; clipboard-write; encrypted-media; gyroscope; picture-in-picture; web-share\" referrerpolicy=\"strict-origin-when-cross-origin\" allowfullscreen><\/iframe><\/div>\n<\/div><\/figure>\n\n\n\n<p><strong>Yarat\u0131c\u0131 \u00e7al\u0131\u015fman\u0131z\u0131n \u00f6\u011fretiminize yard\u0131mc\u0131 oldu\u011funu ve bunun tersini s\u00f6yleyebilir misiniz?<\/strong><\/p>\n\n\n\n<p>Eh, \u00f6\u011fretmek yarat\u0131c\u0131l\u0131k gerektirir! \u00d6zellikle dil \u00f6\u011freniminde insanlara yarat\u0131c\u0131 yollarla nas\u0131l yard\u0131m edece\u011finizi bulmal\u0131s\u0131n\u0131z. Ve film yap\u0131mc\u0131l\u0131\u011f\u0131 temelde hikaye anlatmakt\u0131r, bu y\u00fczden insanlarla tan\u0131\u015ft\u0131\u011f\u0131n\u0131zda veya dersleriniz oldu\u011funda ve onlar size hikayeler anlat\u0131rken, size yeni hikayeler i\u00e7in ilham verir.<\/p>\n\n\n\n<figure class=\"wp-block-image size-large\" datatext=\"\"><img loading=\"lazy\" decoding=\"async\" width=\"950\" height=\"668\" src=\"https:\/\/assets.blog.engoo.com\/wp-content\/uploads\/sites\/13\/2022\/02\/20221127\/image-4.jpeg\" alt=\"\" class=\"wp-image-687\" srcset=\"https:\/\/assets.blog.engoo.com\/wp-content\/uploads\/sites\/13\/2022\/02\/20221127\/image-4.jpeg 950w, https:\/\/assets.blog.engoo.com\/wp-content\/uploads\/sites\/13\/2022\/02\/20221127\/image-4-300x211.jpeg 300w, https:\/\/assets.blog.engoo.com\/wp-content\/uploads\/sites\/13\/2022\/02\/20221127\/image-4-768x540.jpeg 768w\" sizes=\"auto, (max-width: 950px) 100vw, 950px\" \/><\/figure>\n\n\n\n<p><strong>Bize \u0130ngilizce \u00f6\u011fretme deneyiminizden ve Engoo'ya nas\u0131l kat\u0131ld\u0131\u011f\u0131n\u0131zdan bahseder misiniz? Y\u00fcz-y\u00fcze \u00f6\u011fretimden online e\u011fitime nas\u0131l ge\u00e7tiniz?<\/strong><\/p>\n\n\n\n<p>Bu y\u00fczden 2007'den beri \u0130ngilizce \u00f6\u011fretiyorum ve kariyerimin \u00e7o\u011fu Polonya'da ge\u00e7ti, ancak bir yaz\u0131 da \u0130spanya'da ge\u00e7irdim. \u00c7ocuklardan doktorlara, oyunculardan bankac\u0131lara kadar her t\u00fcrden \u00f6\u011frenciye ders verdim - hemen hemen \u00f6\u011frenmek isteyen herkese. Ayr\u0131ca yeterli miktarda test haz\u0131rl\u0131\u011f\u0131 yapt\u0131m.<\/p>\n\n\n\n<p>Ba\u015flang\u0131\u00e7ta a\u011f\u0131rl\u0131kl\u0131 olarak dil okullar\u0131nda ders verdim, ancak daha sonra serbest meslek sahibi olarak daha fazla \u00e7al\u0131\u015fmaya ba\u015flad\u0131m. Serbest \u00e7al\u0131\u015fmak, bir dil okulunun size sundu\u011fu sabit bir metodolojiyi takip etmek yerine, \u00f6\u011frencilere esnek bir \u015fekilde \u00f6\u011fretmek i\u00e7in bana daha fazla f\u0131rsat verdi.<\/p>\n\n\n\n<p>Serbest \u00f6\u011fretmen olarak kiralad\u0131\u011f\u0131m ofis pandemi taraf\u0131ndan kapat\u0131ld\u0131ktan k\u0131sa bir s\u00fcre sonra Engoo'ya kat\u0131ld\u0131m. Yine de online ders vermek benim i\u00e7in \u00e7ok fazla sorun olmad\u0131 \u00e7\u00fcnk\u00fc her zaman \u00f6\u011fretmenli\u011fin online olaca\u011f\u0131n\u0131 d\u00fc\u015f\u00fcnd\u00fcm. Salg\u0131n bunu h\u0131zland\u0131rd\u0131!<\/p>\n\n\n\n<p><strong>Derslerde odakland\u0131\u011f\u0131n\u0131z bir \u015fey var m\u0131?<\/strong><\/p>\n\n\n\n<p>Dilbilgisi hakk\u0131nda \u00e7ok fazla geri bildirim veririm. \u00d6rne\u011fin, bir\u00e7ok \u00f6\u011frenci, \u00f6zellikle <a href=\"https:\/\/engoo.com.tr\/app\/lessons\/grammar-grammar-i-have-baked-cookies-before\/sj3kBGSnEee59qumwKvMLQ?category_id=6r1fXsYHEeimuzOlcF_9gA&amp;course_id=1llXaMYPEeiWI9-YoYwf4A\">past perfect<\/a> olmak \u00fczere, <a href=\"https:\/\/engoo.com.tr\/app\/lessons\/grammar-grammar-i-have-baked-cookies-before\/sj3kBGSnEee59qumwKvMLQ?category_id=6r1fXsYHEeimuzOlcF_9gA&amp;course_id=1llXaMYPEeiWI9-YoYwf4A\">perfect tense\u2019da<\/a> s\u00fcrekli hata yapar. Bu y\u00fczden buna dikkat ederim ve onlara m\u00fckemmel zaman\u0131 koymalar\u0131 i\u00e7in baz\u0131 c\u00fcmleler veririm.<\/p>\n\n\n\n<p>Grammar olarak s\u0131kl\u0131kla de\u011findi\u011fim etti\u011fim bir ba\u015fka \u015feyde <a href=\"https:\/\/engoo.com.tr\/app\/lessons\/grammar-grammar-if-i-could-cook-i-would-cook-every-day\/IUSrbmTYEeeWRsPYhKF4tg?category_id=6r1fXsYHEeimuzOlcF_9gA&amp;course_id=1llXaMYPEeiWI9-YoYwf4A\">third conditionals<\/a>, \u00f6zellikle de \"Bunu yapmasayd\u0131m, bunu yapmazd\u0131m\" gibi olan \u00fc\u00e7\u00fcnc\u00fc ko\u015ful kipidir. Zaman yolculu\u011fu gibi!<\/p>\n\n\n\n<p>Bunlar\u0131 gramer problemleri olarak getirdi\u011fimde bunun \u00f6tesine ge\u00e7iyorlar. Bu yeniden in\u015fa etmenin bir yolu. Anlatabiliyor muyum? Ve bir \u00f6\u011frenci d\u00fc\u015f\u00fcncelerini do\u011fru zamanda ifade etti\u011finde, gerisi yerine oturur.<\/p>\n\n\n\n<p>Ancak bu hatalar\u0131 i\u015faret etti\u011finizde cesaret verici olmak ger\u00e7ekten \u00f6nemlidir. Genelde \"Bunu yapabilirsin!\" diyor ve ders notlar\u0131mda ne ilerleme kaydettiklerini onlara bildiriyorum.<\/p>\n\n\n\n<p>Genel olarak, \u00f6\u011frencilerin eskisinden daha ak\u0131c\u0131 olup olmad\u0131klar\u0131n\u0131, ritimlerinin d\u00fczelip d\u00fczelmedi\u011fini veya do\u011fru c\u00fcmle s\u0131ralamas\u0131n\u0131 kullan\u0131p kullanmad\u0131klar\u0131n\u0131 \u00f6\u011frenmek gibi, \u00f6\u011frencilerin geli\u015ftiklerini bilmelerini sa\u011flamak motive edicidir.<\/p>\n\n\n\n<p>Kula\u011fa do\u011fal gelen bir \u0130ngilizce \u00f6\u011frenmek zor, bu y\u00fczden \u00f6\u011frenciler bu konuda geli\u015firken, bunu anlad\u0131klar\u0131ndan emin oluyorum. \u00d6rne\u011fin, \u201cBu c\u00fcmle daha \u00f6nce s\u00f6yledi\u011finden daha iyi!\u201d Gibi bir \u015fey s\u00f6yl\u00fcyorum.<\/p>\n\n\n\n<p><strong>Daha \u00f6nce \u00e7ocuklara \u00f6\u011fretti\u011finden bahsetmi\u015ftin. Bize bundan biraz bahseder misin? Ve \u0130ngilizce dersi almak istemeyen \u00e7ocuklarla kar\u015f\u0131la\u015ft\u0131n\u0131z m\u0131?<\/strong><\/p>\n\n\n\n<p>Yani \u00e7ocuk \u00f6\u011frencilerimin \u00e7o\u011fu 8-12 ya\u015f\u0131nda ve ben de yeterince \u00e7ocuklarla birlikte oluyorum. \u00c7ocuklarla \u00e7al\u0131\u015fmaktan olduk\u00e7a mutlu oldu\u011fumu s\u00f6ylemeliyim, \u00e7\u00fcnk\u00fc muhtemelen ben de b\u00fcy\u00fck bir \u00e7ocu\u011fum!<\/p>\n\n\n\n<p>Ve \u00f6\u011frencilerin orada olmak istememesine bay\u0131l\u0131yorum. Beni daha da iyi bir \u00f6\u011fretmen yap\u0131yorlar \u00e7\u00fcnk\u00fc dersi sevmelerini sa\u011flamak i\u00e7in daha \u00e7ok \u00e7abalamam gerekiyor. Ba\u015flang\u0131\u00e7ta \u00f6\u011frencilerimin ebeveynleri taraf\u0131ndan kameraya itildi\u011fini g\u00f6r\u00fcrd\u00fcm ve \u015fimdi benimle ders almak i\u00e7in sab\u0131rs\u0131zlan\u0131yorlar!<\/p>\n\n\n\n<p>Bence esnek olmal\u0131s\u0131n ve dersi y\u00f6nlendirmelerine izin vermelisin. Konu d\u0131\u015f\u0131na \u00e7\u0131karlarsa siz de onlarla konu d\u0131\u015f\u0131na \u00e7\u0131kars\u0131n\u0131z ve zaman\u0131 geldi\u011finde onlar\u0131 derse geri getirirsiniz.<\/p>\n\n\n\n<p><strong>\u00d6\u011frencileri s\u0131navlara haz\u0131rlama konusunda herhangi bir deneyiminiz var m\u0131?&nbsp;<\/strong><\/p>\n\n\n\n<p>Evet, sordu\u011funa sevindim. On y\u0131l\u0131 a\u015fk\u0131n s\u00fcredir <a href=\"https:\/\/engoo.com.tr\/blog\/2020\/12\/08\/toefl-veya-ielts-hangisini-almali\/\">IELTS ve TOEFL <\/a>dersleri veriyorum. Yani muhtemelen bu noktada s\u0131navlar\u0131n\u0131 ge\u00e7en 150'den fazla \u00f6\u011frencim oldu.<\/p>\n\n\n\n<p>\u00d6\u011frencileri s\u0131navlara haz\u0131rlaman\u0131n anahtar\u0131, \u00f6zellikle gramer s\u00f6z konusu oldu\u011funda, sorunlar\u0131n\u0131 \u00e7\u00f6zme konusunda yo\u011fun olmakt\u0131r. Bir aslan gibi oluyorum biliyor musun? Ben sadece onlar\u0131 \u015f\u0131k\u0131\u015ft\u0131r\u0131yor, \u015f\u0131k\u0131\u015ft\u0131r\u0131yor ve daha fazla s\u0131k\u0131\u015ft\u0131r\u0131yorum.<\/p>\n\n\n\n<p>Bir \u00f6\u011frenciyle sohbet dersi al\u0131rken bu kadar yo\u011fun olmak istemezsiniz ama s\u0131nava haz\u0131rl\u0131k i\u00e7in bu gerekli!<\/p>\n\n\n\n<h2 class=\"wp-block-heading\"><strong>Profesyonel \u0130ngilizce \u00d6\u011fretmenlerimizden Daha Fazlas\u0131yla Tan\u0131\u015f\u0131n<\/strong><\/h2>\n\n\n\n<p>Umar\u0131z siz de Darren'\u0131 tan\u0131maktan bizim kadar keyif alm\u0131\u015fs\u0131n\u0131zd\u0131r. Engoo'da dersleri \u00e7ok e\u011flenceli hale getiren Darren gibi ilgin\u00e7 \u00f6\u011fretmenler!Ama hepsi bundan ibaret de\u011fil! <a href=\"http:\/\/engoo.com.tr\/tutors\">Binlerce e\u011fitmen profilimize<\/a> g\u00f6z at\u0131n ve burada bizim hakk\u0131m\u0131zda daha fazla bilgi edinin.<\/p>\n","protected":false},"excerpt":{"rendered":"<p>Darren ile tan\u0131\u015f\u0131n \u2013 ayn\u0131 zamanda \u00f6d\u00fcll\u00fc bir film yap\u0131mc\u0131s\u0131 olan pop\u00fcler bir Engoo e\u011fitmeni! Bug\u00fcn Darren bize hayat\u0131n\u0131 ve \u00f6\u011fretme deneyimlerini anlatacak. Bize biraz kendinden bahset! \u015eey, 42 ya\u015f\u0131nday\u0131m ve tutkulu, mutlu evli bir...<\/p>\n","protected":false},"author":160,"featured_media":685,"comment_status":"closed","ping_status":"closed","sticky":false,"template":"","format":"standard","meta":{"inline_featured_image":false,"ep_exclude_from_search":false,"unified_meta_tagline_field":"","footnotes":""},"categories":[10],"tags":[],"class_list":["post-684","post","type-post","status-publish","format-standard","has-post-thumbnail","hentry","category-engoo"],"yoast_head":"<!-- This site is optimized with the Yoast SEO plugin v26.7 - https:\/\/yoast.com\/wordpress\/plugins\/seo\/ -->\n<title>Darren ile tan\u0131\u015f\u0131n: Engoo E\u011fitmeni ve \u00d6d\u00fcll\u00fc Film Yap\u0131mc\u0131s\u0131 | Engoo \u0130ngilizce Blo\u011fu<\/title>\n<meta name=\"description\" content=\"Engoo \u00f6\u011fretmenleri sadece online e\u011fitmen de\u011fildir. Bu sefer, ayn\u0131 zamanda \u00f6d\u00fcll\u00fc bir film yap\u0131mc\u0131s\u0131 olan pop\u00fcler bir Engoo \u00f6\u011fretmeni olan Darren ile konu\u015ftuk!\" \/>\n<meta name=\"robots\" content=\"index, follow, max-snippet:-1, max-image-preview:large, max-video-preview:-1\" \/>\n<link rel=\"canonical\" href=\"https:\/\/engoo.com.tr\/blog\/engoo\/darren-ile-tanisin-engoo-egitmeni-ve-odullu-film-yapimcisi\/\" \/>\n<meta property=\"og:locale\" content=\"tr_TR\" \/>\n<meta property=\"og:type\" content=\"article\" \/>\n<meta property=\"og:title\" content=\"Darren ile tan\u0131\u015f\u0131n: Engoo E\u011fitmeni ve \u00d6d\u00fcll\u00fc Film Yap\u0131mc\u0131s\u0131 | Engoo \u0130ngilizce Blo\u011fu\" \/>\n<meta property=\"og:description\" content=\"Engoo \u00f6\u011fretmenleri sadece online e\u011fitmen de\u011fildir. Bu sefer, ayn\u0131 zamanda \u00f6d\u00fcll\u00fc bir film yap\u0131mc\u0131s\u0131 olan pop\u00fcler bir Engoo \u00f6\u011fretmeni olan Darren ile konu\u015ftuk!\" \/>\n<meta property=\"og:url\" content=\"https:\/\/engoo.com.tr\/blog\/engoo\/darren-ile-tanisin-engoo-egitmeni-ve-odullu-film-yapimcisi\/\" \/>\n<meta property=\"og:site_name\" content=\"Engoo \u0130ngilizce Blo\u011fu\" \/>\n<meta property=\"article:published_time\" content=\"2022-02-08T22:05:00+00:00\" \/>\n<meta property=\"article:modified_time\" content=\"2022-02-20T22:27:21+00:00\" \/>\n<meta property=\"og:image\" content=\"https:\/\/assets.blog.engoo.com\/wp-content\/uploads\/sites\/13\/2022\/02\/20221056\/introducing_daren_caller_tr.jpg\" \/>\n<meta name=\"author\" content=\"Engoo\" \/>\n<meta name=\"twitter:card\" content=\"summary_large_image\" \/>\n<meta name=\"twitter:label1\" content=\"Yazan:\" \/>\n\t<meta name=\"twitter:data1\" content=\"Engoo\" \/>\n\t<meta name=\"twitter:label2\" content=\"Tahmini okuma s\u00fcresi\" \/>\n\t<meta name=\"twitter:data2\" content=\"7 dakika\" \/>\n<script type=\"application\/ld+json\" class=\"yoast-schema-graph\">{\"@context\":\"https:\/\/schema.org\",\"@graph\":[{\"@type\":\"Article\",\"@id\":\"https:\/\/engoo.com.tr\/blog\/engoo\/darren-ile-tanisin-engoo-egitmeni-ve-odullu-film-yapimcisi\/#article\",\"isPartOf\":{\"@id\":\"https:\/\/engoo.com.tr\/blog\/engoo\/darren-ile-tanisin-engoo-egitmeni-ve-odullu-film-yapimcisi\/\"},\"author\":{\"name\":\"Engoo\",\"@id\":\"https:\/\/engoo.com.tr\/blog\/#\/schema\/person\/e9dfcd49dbf44f24a07101345514eec2\"},\"headline\":\"Darren ile tan\u0131\u015f\u0131n: Engoo E\u011fitmeni ve \u00d6d\u00fcll\u00fc Film Yap\u0131mc\u0131s\u0131\",\"datePublished\":\"2022-02-08T22:05:00+00:00\",\"dateModified\":\"2022-02-20T22:27:21+00:00\",\"mainEntityOfPage\":{\"@id\":\"https:\/\/engoo.com.tr\/blog\/engoo\/darren-ile-tanisin-engoo-egitmeni-ve-odullu-film-yapimcisi\/\"},\"wordCount\":1340,\"publisher\":{\"@id\":\"https:\/\/engoo.com.tr\/blog\/#organization\"},\"image\":{\"@id\":\"https:\/\/engoo.com.tr\/blog\/engoo\/darren-ile-tanisin-engoo-egitmeni-ve-odullu-film-yapimcisi\/#primaryimage\"},\"thumbnailUrl\":\"https:\/\/assets.blog.engoo.com\/wp-content\/uploads\/sites\/13\/2022\/02\/20220908\/introducing_daren.jpg\",\"articleSection\":[\"Engoo\"],\"inLanguage\":\"tr\"},{\"@type\":\"WebPage\",\"@id\":\"https:\/\/engoo.com.tr\/blog\/engoo\/darren-ile-tanisin-engoo-egitmeni-ve-odullu-film-yapimcisi\/\",\"url\":\"https:\/\/engoo.com.tr\/blog\/engoo\/darren-ile-tanisin-engoo-egitmeni-ve-odullu-film-yapimcisi\/\",\"name\":\"Darren ile tan\u0131\u015f\u0131n: Engoo E\u011fitmeni ve \u00d6d\u00fcll\u00fc Film Yap\u0131mc\u0131s\u0131 | Engoo \u0130ngilizce Blo\u011fu\",\"isPartOf\":{\"@id\":\"https:\/\/engoo.com.tr\/blog\/#website\"},\"primaryImageOfPage\":{\"@id\":\"https:\/\/engoo.com.tr\/blog\/engoo\/darren-ile-tanisin-engoo-egitmeni-ve-odullu-film-yapimcisi\/#primaryimage\"},\"image\":{\"@id\":\"https:\/\/engoo.com.tr\/blog\/engoo\/darren-ile-tanisin-engoo-egitmeni-ve-odullu-film-yapimcisi\/#primaryimage\"},\"thumbnailUrl\":\"https:\/\/assets.blog.engoo.com\/wp-content\/uploads\/sites\/13\/2022\/02\/20220908\/introducing_daren.jpg\",\"datePublished\":\"2022-02-08T22:05:00+00:00\",\"dateModified\":\"2022-02-20T22:27:21+00:00\",\"description\":\"Engoo \u00f6\u011fretmenleri sadece online e\u011fitmen de\u011fildir. Bu sefer, ayn\u0131 zamanda \u00f6d\u00fcll\u00fc bir film yap\u0131mc\u0131s\u0131 olan pop\u00fcler bir Engoo \u00f6\u011fretmeni olan Darren ile konu\u015ftuk!\",\"breadcrumb\":{\"@id\":\"https:\/\/engoo.com.tr\/blog\/engoo\/darren-ile-tanisin-engoo-egitmeni-ve-odullu-film-yapimcisi\/#breadcrumb\"},\"inLanguage\":\"tr\",\"potentialAction\":[{\"@type\":\"ReadAction\",\"target\":[\"https:\/\/engoo.com.tr\/blog\/engoo\/darren-ile-tanisin-engoo-egitmeni-ve-odullu-film-yapimcisi\/\"]}]},{\"@type\":\"ImageObject\",\"inLanguage\":\"tr\",\"@id\":\"https:\/\/engoo.com.tr\/blog\/engoo\/darren-ile-tanisin-engoo-egitmeni-ve-odullu-film-yapimcisi\/#primaryimage\",\"url\":\"https:\/\/assets.blog.engoo.com\/wp-content\/uploads\/sites\/13\/2022\/02\/20220908\/introducing_daren.jpg\",\"contentUrl\":\"https:\/\/assets.blog.engoo.com\/wp-content\/uploads\/sites\/13\/2022\/02\/20220908\/introducing_daren.jpg\",\"width\":1200,\"height\":767},{\"@type\":\"BreadcrumbList\",\"@id\":\"https:\/\/engoo.com.tr\/blog\/engoo\/darren-ile-tanisin-engoo-egitmeni-ve-odullu-film-yapimcisi\/#breadcrumb\",\"itemListElement\":[{\"@type\":\"ListItem\",\"position\":1,\"name\":\"Engoo\",\"item\":\"https:\/\/tr.engoo.com\"},{\"@type\":\"ListItem\",\"position\":2,\"name\":\"Blog\",\"item\":\"https:\/\/engoo.com.tr\/blog\/\"},{\"@type\":\"ListItem\",\"position\":3,\"name\":\"Engoo\",\"item\":\"https:\/\/engoo.com.tr\/blog\/category\/engoo\/\"},{\"@type\":\"ListItem\",\"position\":4,\"name\":\"Darren ile tan\u0131\u015f\u0131n: Engoo E\u011fitmeni ve \u00d6d\u00fcll\u00fc Film Yap\u0131mc\u0131s\u0131\"}]},{\"@type\":\"WebSite\",\"@id\":\"https:\/\/engoo.com.tr\/blog\/#website\",\"url\":\"https:\/\/engoo.com.tr\/blog\/\",\"name\":\"Engoo \u0130ngilizce Blo\u011fu\",\"description\":\"Sizin i\u00e7in dil ve \u00e7al\u0131\u015fma \u00f6nerileri\",\"publisher\":{\"@id\":\"https:\/\/engoo.com.tr\/blog\/#organization\"},\"potentialAction\":[{\"@type\":\"SearchAction\",\"target\":{\"@type\":\"EntryPoint\",\"urlTemplate\":\"https:\/\/engoo.com.tr\/blog\/?s={search_term_string}\"},\"query-input\":{\"@type\":\"PropertyValueSpecification\",\"valueRequired\":true,\"valueName\":\"search_term_string\"}}],\"inLanguage\":\"tr\"},{\"@type\":\"Organization\",\"@id\":\"https:\/\/engoo.com.tr\/blog\/#organization\",\"name\":\"Engoo \u0130ngilizce Blo\u011fu\",\"url\":\"https:\/\/engoo.com.tr\/blog\/\",\"logo\":{\"@type\":\"ImageObject\",\"inLanguage\":\"tr\",\"@id\":\"https:\/\/engoo.com.tr\/blog\/#\/schema\/logo\/image\/\",\"url\":\"https:\/\/assets.blog.engoo.com\/wp-content\/uploads\/sites\/13\/2020\/07\/08131939\/engoo-logo.svg\",\"contentUrl\":\"https:\/\/assets.blog.engoo.com\/wp-content\/uploads\/sites\/13\/2020\/07\/08131939\/engoo-logo.svg\",\"width\":1,\"height\":1,\"caption\":\"Engoo \u0130ngilizce Blo\u011fu\"},\"image\":{\"@id\":\"https:\/\/engoo.com.tr\/blog\/#\/schema\/logo\/image\/\"}},{\"@type\":\"Person\",\"@id\":\"https:\/\/engoo.com.tr\/blog\/#\/schema\/person\/e9dfcd49dbf44f24a07101345514eec2\",\"name\":\"Engoo\",\"image\":{\"@type\":\"ImageObject\",\"inLanguage\":\"tr\",\"@id\":\"https:\/\/engoo.com.tr\/blog\/#\/schema\/person\/image\/\",\"url\":\"https:\/\/secure.gravatar.com\/avatar\/698489651dc22ff906ed664cf6e7edc7ad204493a22054c3bce6d0d659c6315c?s=96&d=mm&r=g\",\"contentUrl\":\"https:\/\/secure.gravatar.com\/avatar\/698489651dc22ff906ed664cf6e7edc7ad204493a22054c3bce6d0d659c6315c?s=96&d=mm&r=g\",\"caption\":\"Engoo\"},\"url\":\"https:\/\/engoo.com.tr\/blog\/author\/olgazlo\/\"}]}<\/script>\n<!-- \/ Yoast SEO plugin. -->","yoast_head_json":{"title":"Darren ile tan\u0131\u015f\u0131n: Engoo E\u011fitmeni ve \u00d6d\u00fcll\u00fc Film Yap\u0131mc\u0131s\u0131 | Engoo \u0130ngilizce Blo\u011fu","description":"Engoo \u00f6\u011fretmenleri sadece online e\u011fitmen de\u011fildir. Bu sefer, ayn\u0131 zamanda \u00f6d\u00fcll\u00fc bir film yap\u0131mc\u0131s\u0131 olan pop\u00fcler bir Engoo \u00f6\u011fretmeni olan Darren ile konu\u015ftuk!","robots":{"index":"index","follow":"follow","max-snippet":"max-snippet:-1","max-image-preview":"max-image-preview:large","max-video-preview":"max-video-preview:-1"},"canonical":"https:\/\/engoo.com.tr\/blog\/engoo\/darren-ile-tanisin-engoo-egitmeni-ve-odullu-film-yapimcisi\/","og_locale":"tr_TR","og_type":"article","og_title":"Darren ile tan\u0131\u015f\u0131n: Engoo E\u011fitmeni ve \u00d6d\u00fcll\u00fc Film Yap\u0131mc\u0131s\u0131 | Engoo \u0130ngilizce Blo\u011fu","og_description":"Engoo \u00f6\u011fretmenleri sadece online e\u011fitmen de\u011fildir. Bu sefer, ayn\u0131 zamanda \u00f6d\u00fcll\u00fc bir film yap\u0131mc\u0131s\u0131 olan pop\u00fcler bir Engoo \u00f6\u011fretmeni olan Darren ile konu\u015ftuk!","og_url":"https:\/\/engoo.com.tr\/blog\/engoo\/darren-ile-tanisin-engoo-egitmeni-ve-odullu-film-yapimcisi\/","og_site_name":"Engoo \u0130ngilizce Blo\u011fu","article_published_time":"2022-02-08T22:05:00+00:00","article_modified_time":"2022-02-20T22:27:21+00:00","og_image":[{"url":"https:\/\/assets.blog.engoo.com\/wp-content\/uploads\/sites\/13\/2022\/02\/20221056\/introducing_daren_caller_tr.jpg","type":"","width":"","height":""}],"author":"Engoo","twitter_card":"summary_large_image","twitter_misc":{"Yazan:":"Engoo","Tahmini okuma s\u00fcresi":"7 dakika"},"schema":{"@context":"https:\/\/schema.org","@graph":[{"@type":"Article","@id":"https:\/\/engoo.com.tr\/blog\/engoo\/darren-ile-tanisin-engoo-egitmeni-ve-odullu-film-yapimcisi\/#article","isPartOf":{"@id":"https:\/\/engoo.com.tr\/blog\/engoo\/darren-ile-tanisin-engoo-egitmeni-ve-odullu-film-yapimcisi\/"},"author":{"name":"Engoo","@id":"https:\/\/engoo.com.tr\/blog\/#\/schema\/person\/e9dfcd49dbf44f24a07101345514eec2"},"headline":"Darren ile tan\u0131\u015f\u0131n: Engoo E\u011fitmeni ve \u00d6d\u00fcll\u00fc Film Yap\u0131mc\u0131s\u0131","datePublished":"2022-02-08T22:05:00+00:00","dateModified":"2022-02-20T22:27:21+00:00","mainEntityOfPage":{"@id":"https:\/\/engoo.com.tr\/blog\/engoo\/darren-ile-tanisin-engoo-egitmeni-ve-odullu-film-yapimcisi\/"},"wordCount":1340,"publisher":{"@id":"https:\/\/engoo.com.tr\/blog\/#organization"},"image":{"@id":"https:\/\/engoo.com.tr\/blog\/engoo\/darren-ile-tanisin-engoo-egitmeni-ve-odullu-film-yapimcisi\/#primaryimage"},"thumbnailUrl":"https:\/\/assets.blog.engoo.com\/wp-content\/uploads\/sites\/13\/2022\/02\/20220908\/introducing_daren.jpg","articleSection":["Engoo"],"inLanguage":"tr"},{"@type":"WebPage","@id":"https:\/\/engoo.com.tr\/blog\/engoo\/darren-ile-tanisin-engoo-egitmeni-ve-odullu-film-yapimcisi\/","url":"https:\/\/engoo.com.tr\/blog\/engoo\/darren-ile-tanisin-engoo-egitmeni-ve-odullu-film-yapimcisi\/","name":"Darren ile tan\u0131\u015f\u0131n: Engoo E\u011fitmeni ve \u00d6d\u00fcll\u00fc Film Yap\u0131mc\u0131s\u0131 | Engoo \u0130ngilizce Blo\u011fu","isPartOf":{"@id":"https:\/\/engoo.com.tr\/blog\/#website"},"primaryImageOfPage":{"@id":"https:\/\/engoo.com.tr\/blog\/engoo\/darren-ile-tanisin-engoo-egitmeni-ve-odullu-film-yapimcisi\/#primaryimage"},"image":{"@id":"https:\/\/engoo.com.tr\/blog\/engoo\/darren-ile-tanisin-engoo-egitmeni-ve-odullu-film-yapimcisi\/#primaryimage"},"thumbnailUrl":"https:\/\/assets.blog.engoo.com\/wp-content\/uploads\/sites\/13\/2022\/02\/20220908\/introducing_daren.jpg","datePublished":"2022-02-08T22:05:00+00:00","dateModified":"2022-02-20T22:27:21+00:00","description":"Engoo \u00f6\u011fretmenleri sadece online e\u011fitmen de\u011fildir. Bu sefer, ayn\u0131 zamanda \u00f6d\u00fcll\u00fc bir film yap\u0131mc\u0131s\u0131 olan pop\u00fcler bir Engoo \u00f6\u011fretmeni olan Darren ile konu\u015ftuk!","breadcrumb":{"@id":"https:\/\/engoo.com.tr\/blog\/engoo\/darren-ile-tanisin-engoo-egitmeni-ve-odullu-film-yapimcisi\/#breadcrumb"},"inLanguage":"tr","potentialAction":[{"@type":"ReadAction","target":["https:\/\/engoo.com.tr\/blog\/engoo\/darren-ile-tanisin-engoo-egitmeni-ve-odullu-film-yapimcisi\/"]}]},{"@type":"ImageObject","inLanguage":"tr","@id":"https:\/\/engoo.com.tr\/blog\/engoo\/darren-ile-tanisin-engoo-egitmeni-ve-odullu-film-yapimcisi\/#primaryimage","url":"https:\/\/assets.blog.engoo.com\/wp-content\/uploads\/sites\/13\/2022\/02\/20220908\/introducing_daren.jpg","contentUrl":"https:\/\/assets.blog.engoo.com\/wp-content\/uploads\/sites\/13\/2022\/02\/20220908\/introducing_daren.jpg","width":1200,"height":767},{"@type":"BreadcrumbList","@id":"https:\/\/engoo.com.tr\/blog\/engoo\/darren-ile-tanisin-engoo-egitmeni-ve-odullu-film-yapimcisi\/#breadcrumb","itemListElement":[{"@type":"ListItem","position":1,"name":"Engoo","item":"https:\/\/tr.engoo.com"},{"@type":"ListItem","position":2,"name":"Blog","item":"https:\/\/engoo.com.tr\/blog\/"},{"@type":"ListItem","position":3,"name":"Engoo","item":"https:\/\/engoo.com.tr\/blog\/category\/engoo\/"},{"@type":"ListItem","position":4,"name":"Darren ile tan\u0131\u015f\u0131n: Engoo E\u011fitmeni ve \u00d6d\u00fcll\u00fc Film Yap\u0131mc\u0131s\u0131"}]},{"@type":"WebSite","@id":"https:\/\/engoo.com.tr\/blog\/#website","url":"https:\/\/engoo.com.tr\/blog\/","name":"Engoo \u0130ngilizce Blo\u011fu","description":"Sizin i\u00e7in dil ve \u00e7al\u0131\u015fma \u00f6nerileri","publisher":{"@id":"https:\/\/engoo.com.tr\/blog\/#organization"},"potentialAction":[{"@type":"SearchAction","target":{"@type":"EntryPoint","urlTemplate":"https:\/\/engoo.com.tr\/blog\/?s={search_term_string}"},"query-input":{"@type":"PropertyValueSpecification","valueRequired":true,"valueName":"search_term_string"}}],"inLanguage":"tr"},{"@type":"Organization","@id":"https:\/\/engoo.com.tr\/blog\/#organization","name":"Engoo \u0130ngilizce Blo\u011fu","url":"https:\/\/engoo.com.tr\/blog\/","logo":{"@type":"ImageObject","inLanguage":"tr","@id":"https:\/\/engoo.com.tr\/blog\/#\/schema\/logo\/image\/","url":"https:\/\/assets.blog.engoo.com\/wp-content\/uploads\/sites\/13\/2020\/07\/08131939\/engoo-logo.svg","contentUrl":"https:\/\/assets.blog.engoo.com\/wp-content\/uploads\/sites\/13\/2020\/07\/08131939\/engoo-logo.svg","width":1,"height":1,"caption":"Engoo \u0130ngilizce Blo\u011fu"},"image":{"@id":"https:\/\/engoo.com.tr\/blog\/#\/schema\/logo\/image\/"}},{"@type":"Person","@id":"https:\/\/engoo.com.tr\/blog\/#\/schema\/person\/e9dfcd49dbf44f24a07101345514eec2","name":"Engoo","image":{"@type":"ImageObject","inLanguage":"tr","@id":"https:\/\/engoo.com.tr\/blog\/#\/schema\/person\/image\/","url":"https:\/\/secure.gravatar.com\/avatar\/698489651dc22ff906ed664cf6e7edc7ad204493a22054c3bce6d0d659c6315c?s=96&d=mm&r=g","contentUrl":"https:\/\/secure.gravatar.com\/avatar\/698489651dc22ff906ed664cf6e7edc7ad204493a22054c3bce6d0d659c6315c?s=96&d=mm&r=g","caption":"Engoo"},"url":"https:\/\/engoo.com.tr\/blog\/author\/olgazlo\/"}]}},"_links":{"self":[{"href":"https:\/\/engoo.com.tr\/blog\/wp-json\/wp\/v2\/posts\/684","targetHints":{"allow":["GET"]}}],"collection":[{"href":"https:\/\/engoo.com.tr\/blog\/wp-json\/wp\/v2\/posts"}],"about":[{"href":"https:\/\/engoo.com.tr\/blog\/wp-json\/wp\/v2\/types\/post"}],"author":[{"embeddable":true,"href":"https:\/\/engoo.com.tr\/blog\/wp-json\/wp\/v2\/users\/160"}],"replies":[{"embeddable":true,"href":"https:\/\/engoo.com.tr\/blog\/wp-json\/wp\/v2\/comments?post=684"}],"version-history":[{"count":2,"href":"https:\/\/engoo.com.tr\/blog\/wp-json\/wp\/v2\/posts\/684\/revisions"}],"predecessor-version":[{"id":691,"href":"https:\/\/engoo.com.tr\/blog\/wp-json\/wp\/v2\/posts\/684\/revisions\/691"}],"wp:featuredmedia":[{"embeddable":true,"href":"https:\/\/engoo.com.tr\/blog\/wp-json\/wp\/v2\/media\/685"}],"wp:attachment":[{"href":"https:\/\/engoo.com.tr\/blog\/wp-json\/wp\/v2\/media?parent=684"}],"wp:term":[{"taxonomy":"category","embeddable":true,"href":"https:\/\/engoo.com.tr\/blog\/wp-json\/wp\/v2\/categories?post=684"},{"taxonomy":"post_tag","embeddable":true,"href":"https:\/\/engoo.com.tr\/blog\/wp-json\/wp\/v2\/tags?post=684"}],"curies":[{"name":"wp","href":"https:\/\/api.w.org\/{rel}","templated":true}]}}